{"id":8200,"date":"2022-02-25T11:30:40","date_gmt":"2022-02-25T11:30:40","guid":{"rendered":"https:\/\/asociatia-academiadebine.ro\/?p=8200"},"modified":"2022-07-08T09:52:54","modified_gmt":"2022-07-08T09:52:54","slug":"interviu-cu-reprezentantii-acces-asociatia-clusterul-comunitar-de-economie-sociala","status":"publish","type":"post","link":"https:\/\/asociatia-academiadebine.ro\/ro\/interviu-cu-reprezentantii-acces-asociatia-clusterul-comunitar-de-economie-sociala\/","title":{"rendered":"Interviu cu reprezentan\u021bii ACCES &#8211; Asocia\u021bia Clusterul Comunitar de Economie Social\u0103"},"content":{"rendered":"<div data-elementor-type=\"wp-post\" data-elementor-id=\"8200\" class=\"elementor elementor-8200\">\n\t\t\t\t\t\t<section class=\"elementor-section elementor-top-section elementor-element elementor-element-76ccdcd elementor-section-boxed elementor-section-height-default elementor-section-height-default\" data-id=\"76ccdcd\" data-element_type=\"section\">\n\t\t\t\t\t\t<div class=\"elementor-container elementor-column-gap-default\">\n\t\t\t\t\t<div class=\"elementor-column elementor-col-100 elementor-top-column elementor-element elementor-element-a12081b\" data-id=\"a12081b\" data-element_type=\"column\">\n\t\t\t<div class=\"elementor-widget-wrap elementor-element-populated\">\n\t\t\t\t\t\t<div class=\"elementor-element elementor-element-59cea31 elementor-widget elementor-widget-text-editor\" data-id=\"59cea31\" data-element_type=\"widget\" data-widget_type=\"text-editor.default\">\n\t\t\t\t<div class=\"elementor-widget-container\">\n\t\t\t<style>\/*! elementor - v3.20.0 - 26-03-2024 *\/\n.elementor-widget-text-editor.elementor-drop-cap-view-stacked .elementor-drop-cap{background-color:#69727d;color:#fff}.elementor-widget-text-editor.elementor-drop-cap-view-framed .elementor-drop-cap{color:#69727d;border:3px solid;background-color:transparent}.elementor-widget-text-editor:not(.elementor-drop-cap-view-default) .elementor-drop-cap{margin-top:8px}.elementor-widget-text-editor:not(.elementor-drop-cap-view-default) .elementor-drop-cap-letter{width:1em;height:1em}.elementor-widget-text-editor .elementor-drop-cap{float:left;text-align:center;line-height:1;font-size:50px}.elementor-widget-text-editor .elementor-drop-cap-letter{display:inline-block}<\/style>\t\t\t\t<p>Reprezentanti ai Asociatiei Clusterului Comunitar de Economie Social\u0103 \u2013 ACCES ce au misiunea de a sprijini societatea civil\u0103 \u00een generarea de solu\u021bii inovatoare la provoc\u0103rile sociale, prin facilitarea accesului la economie social\u0103, construirea infrastructurii antreprenoriale \u0219i crearea unui mediu favorabil de colaborare pentru dezvoltare organiza\u021bional\u0103 \u0219i incluziune social\u0103.<\/p>\t\t\t\t\t\t<\/div>\n\t\t\t\t<\/div>\n\t\t\t\t<div class=\"elementor-element elementor-element-663c0b1 elementor-widget elementor-widget-spacer\" data-id=\"663c0b1\" data-element_type=\"widget\" data-widget_type=\"spacer.default\">\n\t\t\t\t<div class=\"elementor-widget-container\">\n\t\t\t<style>\/*! elementor - v3.20.0 - 26-03-2024 *\/\n.elementor-column .elementor-spacer-inner{height:var(--spacer-size)}.e-con{--container-widget-width:100%}.e-con-inner>.elementor-widget-spacer,.e-con>.elementor-widget-spacer{width:var(--container-widget-width,var(--spacer-size));--align-self:var(--container-widget-align-self,initial);--flex-shrink:0}.e-con-inner>.elementor-widget-spacer>.elementor-widget-container,.e-con>.elementor-widget-spacer>.elementor-widget-container{height:100%;width:100%}.e-con-inner>.elementor-widget-spacer>.elementor-widget-container>.elementor-spacer,.e-con>.elementor-widget-spacer>.elementor-widget-container>.elementor-spacer{height:100%}.e-con-inner>.elementor-widget-spacer>.elementor-widget-container>.elementor-spacer>.elementor-spacer-inner,.e-con>.elementor-widget-spacer>.elementor-widget-container>.elementor-spacer>.elementor-spacer-inner{height:var(--container-widget-height,var(--spacer-size))}.e-con-inner>.elementor-widget-spacer.elementor-widget-empty,.e-con>.elementor-widget-spacer.elementor-widget-empty{position:relative;min-height:22px;min-width:22px}.e-con-inner>.elementor-widget-spacer.elementor-widget-empty .elementor-widget-empty-icon,.e-con>.elementor-widget-spacer.elementor-widget-empty .elementor-widget-empty-icon{position:absolute;top:0;bottom:0;left:0;right:0;margin:auto;padding:0;width:22px;height:22px}<\/style>\t\t<div class=\"elementor-spacer\">\n\t\t\t<div class=\"elementor-spacer-inner\"><\/div>\n\t\t<\/div>\n\t\t\t\t<\/div>\n\t\t\t\t<\/div>\n\t\t\t\t<div class=\"elementor-element elementor-element-a8d3356 elementor-widget elementor-widget-heading\" data-id=\"a8d3356\" data-element_type=\"widget\" data-widget_type=\"heading.default\">\n\t\t\t\t<div class=\"elementor-widget-container\">\n\t\t\t<style>\/*! elementor - v3.20.0 - 26-03-2024 *\/\n.elementor-heading-title{padding:0;margin:0;line-height:1}.elementor-widget-heading .elementor-heading-title[class*=elementor-size-]>a{color:inherit;font-size:inherit;line-height:inherit}.elementor-widget-heading .elementor-heading-title.elementor-size-small{font-size:15px}.elementor-widget-heading .elementor-heading-title.elementor-size-medium{font-size:19px}.elementor-widget-heading .elementor-heading-title.elementor-size-large{font-size:29px}.elementor-widget-heading .elementor-heading-title.elementor-size-xl{font-size:39px}.elementor-widget-heading .elementor-heading-title.elementor-size-xxl{font-size:59px}<\/style><h2 class=\"elementor-heading-title elementor-size-default\">Aparitii Media<\/h2>\t\t<\/div>\n\t\t\t\t<\/div>\n\t\t\t\t<div class=\"elementor-element elementor-element-41185e9 elementor-position-left elementor-view-default elementor-mobile-position-top elementor-vertical-align-top elementor-widget elementor-widget-icon-box\" data-id=\"41185e9\" data-element_type=\"widget\" data-widget_type=\"icon-box.default\">\n\t\t\t\t<div class=\"elementor-widget-container\">\n\t\t\t<link rel=\"stylesheet\" href=\"https:\/\/asociatia-academiadebine.ro\/wp-content\/plugins\/elementor\/assets\/css\/widget-icon-box.min.css\">\t\t<div class=\"elementor-icon-box-wrapper\">\n\t\t\t\t\t\t<div class=\"elementor-icon-box-icon\">\n\t\t\t\t<span  class=\"elementor-icon elementor-animation-\">\n\t\t\t\t<i aria-hidden=\"true\" class=\"flaticon flaticon-multimedia\"><\/i>\t\t\t\t<\/span>\n\t\t\t<\/div>\n\t\t\t\t\t\t<div class=\"elementor-icon-box-content\">\n\t\t\t\t<h6 class=\"elementor-icon-box-title\">\n\t\t\t\t\t<span  >\n\t\t\t\t\t\tInterviu cu reprezentan\u021bii ACCES - Asocia\u021bia Clusterul Comunitar de Economie Social\u0103. Invita\u021bi: Silvia Daniela Pohrib ~ pre\u0219edinte Asocia\u021bia Suport pentru Regiunea Centru, Mariana Busuioc ~ directorul Asocia\u0163iei de Servicii Sociale SCUT, Maricel Maroti ~ pre\u0219edinte Organizatia Nationala Cercetasii Romaniei (O.N.C.R.) Filiala Brasov \u201eVirgil Onitiu\u200b\u201d, Antonia Domokos - reprezentant Asocia\u021bia Raz\u0103 de Speran\u021b\u0103\/\u00centreprinderea social\u0103 Academia de Bine, G\u00e1l Andr\u00e1s Zsolt ~ pre\u0219edinte ACCES -Asocia\u021bia Clusterul Comunitar de Economie Social\u0103\/Presedintele Asociatiei \u201cAici pentru Tine\u201d si membru fondator.\t\t\t\t\t<\/span>\n\t\t\t\t<\/h6>\n\t\t\t\t\t\t\t\t\t<p class=\"elementor-icon-box-description\">\n\t\t\t\t\t\thttps:\/\/www.novapress.ro\/video\/aici-pentru-tine\/emisiune-16-august-202108169565.html\t\t\t\t\t<\/p>\n\t\t\t\t\t\t\t<\/div>\n\t\t<\/div>\n\t\t\t\t<\/div>\n\t\t\t\t<\/div>\n\t\t\t\t<div class=\"elementor-element elementor-element-96947ed elementor-widget elementor-widget-video\" data-id=\"96947ed\" data-element_type=\"widget\" data-settings=\"{&quot;video_type&quot;:&quot;hosted&quot;,&quot;controls&quot;:&quot;yes&quot;}\" data-widget_type=\"video.default\">\n\t\t\t\t<div class=\"elementor-widget-container\">\n\t\t\t<style>\/*! elementor - v3.20.0 - 26-03-2024 *\/\n.elementor-widget-video .elementor-widget-container{overflow:hidden;transform:translateZ(0)}.elementor-widget-video .elementor-wrapper{aspect-ratio:var(--video-aspect-ratio)}.elementor-widget-video .elementor-wrapper iframe,.elementor-widget-video .elementor-wrapper video{height:100%;width:100%;display:flex;border:none;background-color:#000}@supports not (aspect-ratio:1\/1){.elementor-widget-video .elementor-wrapper{position:relative;overflow:hidden;height:0;padding-bottom:calc(100% \/ var(--video-aspect-ratio))}.elementor-widget-video .elementor-wrapper iframe,.elementor-widget-video .elementor-wrapper video{position:absolute;top:0;right:0;bottom:0;left:0}}.elementor-widget-video .elementor-open-inline .elementor-custom-embed-image-overlay{position:absolute;top:0;right:0;bottom:0;left:0;background-size:cover;background-position:50%}.elementor-widget-video .elementor-custom-embed-image-overlay{cursor:pointer;text-align:center}.elementor-widget-video .elementor-custom-embed-image-overlay:hover .elementor-custom-embed-play i{opacity:1}.elementor-widget-video .elementor-custom-embed-image-overlay img{display:block;width:100%;aspect-ratio:var(--video-aspect-ratio);-o-object-fit:cover;object-fit:cover;-o-object-position:center center;object-position:center center}@supports not (aspect-ratio:1\/1){.elementor-widget-video .elementor-custom-embed-image-overlay{position:relative;overflow:hidden;height:0;padding-bottom:calc(100% \/ var(--video-aspect-ratio))}.elementor-widget-video .elementor-custom-embed-image-overlay img{position:absolute;top:0;right:0;bottom:0;left:0}}.elementor-widget-video .e-hosted-video .elementor-video{-o-object-fit:cover;object-fit:cover}.e-con-inner>.elementor-widget-video,.e-con>.elementor-widget-video{width:var(--container-widget-width);--flex-grow:var(--container-widget-flex-grow)}<\/style>\t\t<div class=\"e-hosted-video elementor-wrapper elementor-open-inline\">\n\t\t\t\t\t<video class=\"elementor-video\" src=\"https:\/\/www.novapress.ro\/video\/aici-pentru-tine\/emisiune-16-august-202108169565.html\" controls=\"\" preload=\"metadata\" controlslist=\"nodownload\"><\/video>\n\t\t\t\t<\/div>\n\t\t\t\t<\/div>\n\t\t\t\t<\/div>\n\t\t\t\t\t<\/div>\n\t\t<\/div>\n\t\t\t\t\t<\/div>\n\t\t<\/section>\n\t\t\t\t<\/div>","protected":false},"excerpt":{"rendered":"<p>Reprezentanti ai Asociatiei Clusterului Comunitar de Economie Social\u0103 \u2013 ACCES ce au misiunea de a sprijini societatea civil\u0103 \u00een generarea de solu\u021bii inovatoare la provoc\u0103rile sociale, prin facilitarea accesului la economie social\u0103, construirea infrastructurii antreprenoriale \u0219i crearea unui mediu favorabil de colaborare pentru dezvoltare organiza\u021bional\u0103 \u0219i incluziune social\u0103. Aparitii Media Interviu cu reprezentan\u021bii ACCES &#8211; [&hellip;]<\/p>","protected":false},"author":1,"featured_media":8315,"comment_status":"closed","ping_status":"open","sticky":false,"template":"","format":"standard","meta":{"footnotes":""},"categories":[52,53],"tags":[],"class_list":["post-8200","post","type-post","status-publish","format-standard","has-post-thumbnail","hentry","category-campanii","category-media"],"yoast_head":"<!-- This site is optimized with the Yoast SEO plugin v22.4 - https:\/\/yoast.com\/wordpress\/plugins\/seo\/ -->\n<title>Interviu cu reprezentan\u021bii ACCES - Asocia\u021bia Clusterul Comunitar de Economie Social\u0103 - Asociatia Academia de Bine<\/title>\n<meta name=\"description\" content=\"Asociatia Academia de Bine Interviu cu reprezentan\u021bii ACCES - Asocia\u021bia Clusterul Comunitar de Economie Social\u0103\" \/>\n<meta name=\"robots\" content=\"index, follow, max-snippet:-1, max-image-preview:large, max-video-preview:-1\" \/>\n<link rel=\"canonical\" href=\"https:\/\/asociatia-academiadebine.ro\/ro\/interviu-cu-reprezentantii-acces-asociatia-clusterul-comunitar-de-economie-sociala\/\" \/>\n<meta property=\"og:locale\" content=\"ro_RO\" \/>\n<meta property=\"og:type\" content=\"article\" \/>\n<meta property=\"og:title\" content=\"Interviu cu reprezentan\u021bii ACCES - Asocia\u021bia Clusterul Comunitar de Economie Social\u0103 - Asociatia Academia de Bine\" \/>\n<meta property=\"og:description\" content=\"Asociatia Academia de Bine Interviu cu reprezentan\u021bii ACCES - Asocia\u021bia Clusterul Comunitar de Economie Social\u0103\" \/>\n<meta property=\"og:url\" content=\"https:\/\/asociatia-academiadebine.ro\/ro\/interviu-cu-reprezentantii-acces-asociatia-clusterul-comunitar-de-economie-sociala\/\" \/>\n<meta property=\"og:site_name\" content=\"Asociatia Academia de Bine\" \/>\n<meta property=\"article:published_time\" content=\"2022-02-25T11:30:40+00:00\" \/>\n<meta property=\"article:modified_time\" content=\"2022-07-08T09:52:54+00:00\" \/>\n<meta property=\"og:image\" content=\"https:\/\/asociatia-academiadebine.ro\/wp-content\/uploads\/2022\/02\/Screenshot-2022-07-08-115916.jpg\" \/>\n\t<meta property=\"og:image:width\" content=\"1254\" \/>\n\t<meta property=\"og:image:height\" content=\"838\" \/>\n\t<meta property=\"og:image:type\" content=\"image\/jpeg\" \/>\n<meta name=\"author\" content=\"admin\" \/>\n<meta name=\"twitter:card\" content=\"summary_large_image\" \/>\n<meta name=\"twitter:label1\" content=\"Scris de\" \/>\n\t<meta name=\"twitter:data1\" content=\"admin\" \/>\n\t<meta name=\"twitter:label2\" content=\"Timp estimat pentru citire\" \/>\n\t<meta name=\"twitter:data2\" content=\"1 minut\" \/>\n<script type=\"application\/ld+json\" class=\"yoast-schema-graph\">{\"@context\":\"https:\/\/schema.org\",\"@graph\":[{\"@type\":\"Article\",\"@id\":\"https:\/\/asociatia-academiadebine.ro\/interviu-cu-reprezentantii-acces-asociatia-clusterul-comunitar-de-economie-sociala\/#article\",\"isPartOf\":{\"@id\":\"https:\/\/asociatia-academiadebine.ro\/interviu-cu-reprezentantii-acces-asociatia-clusterul-comunitar-de-economie-sociala\/\"},\"author\":{\"name\":\"admin\",\"@id\":\"https:\/\/asociatia-academiadebine.ro\/#\/schema\/person\/6e222c2106ffa5ba60c459947bb1e59f\"},\"headline\":\"Interviu cu reprezentan\u021bii ACCES &#8211; Asocia\u021bia Clusterul Comunitar de Economie Social\u0103\",\"datePublished\":\"2022-02-25T11:30:40+00:00\",\"dateModified\":\"2022-07-08T09:52:54+00:00\",\"mainEntityOfPage\":{\"@id\":\"https:\/\/asociatia-academiadebine.ro\/interviu-cu-reprezentantii-acces-asociatia-clusterul-comunitar-de-economie-sociala\/\"},\"wordCount\":171,\"publisher\":{\"@id\":\"https:\/\/asociatia-academiadebine.ro\/#organization\"},\"image\":{\"@id\":\"https:\/\/asociatia-academiadebine.ro\/interviu-cu-reprezentantii-acces-asociatia-clusterul-comunitar-de-economie-sociala\/#primaryimage\"},\"thumbnailUrl\":\"https:\/\/asociatia-academiadebine.ro\/wp-content\/uploads\/2022\/02\/Screenshot-2022-07-08-115916.jpg\",\"articleSection\":[\"CAMPANII\",\"MEDIA\"],\"inLanguage\":\"ro-RO\"},{\"@type\":\"WebPage\",\"@id\":\"https:\/\/asociatia-academiadebine.ro\/interviu-cu-reprezentantii-acces-asociatia-clusterul-comunitar-de-economie-sociala\/\",\"url\":\"https:\/\/asociatia-academiadebine.ro\/interviu-cu-reprezentantii-acces-asociatia-clusterul-comunitar-de-economie-sociala\/\",\"name\":\"Interviu cu reprezentan\u021bii ACCES - Asocia\u021bia Clusterul Comunitar de Economie Social\u0103 - Asociatia Academia de Bine\",\"isPartOf\":{\"@id\":\"https:\/\/asociatia-academiadebine.ro\/#website\"},\"primaryImageOfPage\":{\"@id\":\"https:\/\/asociatia-academiadebine.ro\/interviu-cu-reprezentantii-acces-asociatia-clusterul-comunitar-de-economie-sociala\/#primaryimage\"},\"image\":{\"@id\":\"https:\/\/asociatia-academiadebine.ro\/interviu-cu-reprezentantii-acces-asociatia-clusterul-comunitar-de-economie-sociala\/#primaryimage\"},\"thumbnailUrl\":\"https:\/\/asociatia-academiadebine.ro\/wp-content\/uploads\/2022\/02\/Screenshot-2022-07-08-115916.jpg\",\"datePublished\":\"2022-02-25T11:30:40+00:00\",\"dateModified\":\"2022-07-08T09:52:54+00:00\",\"description\":\"Asociatia Academia de Bine Interviu cu reprezentan\u021bii ACCES - Asocia\u021bia Clusterul Comunitar de Economie Social\u0103\",\"breadcrumb\":{\"@id\":\"https:\/\/asociatia-academiadebine.ro\/interviu-cu-reprezentantii-acces-asociatia-clusterul-comunitar-de-economie-sociala\/#breadcrumb\"},\"inLanguage\":\"ro-RO\",\"potentialAction\":[{\"@type\":\"ReadAction\",\"target\":[\"https:\/\/asociatia-academiadebine.ro\/interviu-cu-reprezentantii-acces-asociatia-clusterul-comunitar-de-economie-sociala\/\"]}]},{\"@type\":\"ImageObject\",\"inLanguage\":\"ro-RO\",\"@id\":\"https:\/\/asociatia-academiadebine.ro\/interviu-cu-reprezentantii-acces-asociatia-clusterul-comunitar-de-economie-sociala\/#primaryimage\",\"url\":\"https:\/\/asociatia-academiadebine.ro\/wp-content\/uploads\/2022\/02\/Screenshot-2022-07-08-115916.jpg\",\"contentUrl\":\"https:\/\/asociatia-academiadebine.ro\/wp-content\/uploads\/2022\/02\/Screenshot-2022-07-08-115916.jpg\",\"width\":1254,\"height\":838,\"caption\":\"Interviu cu reprezentan\u021bii ACCES\"},{\"@type\":\"BreadcrumbList\",\"@id\":\"https:\/\/asociatia-academiadebine.ro\/interviu-cu-reprezentantii-acces-asociatia-clusterul-comunitar-de-economie-sociala\/#breadcrumb\",\"itemListElement\":[{\"@type\":\"ListItem\",\"position\":1,\"name\":\"Home\",\"item\":\"https:\/\/asociatia-academiadebine.ro\/\"},{\"@type\":\"ListItem\",\"position\":2,\"name\":\"Interviu cu reprezentan\u021bii ACCES &#8211; Asocia\u021bia Clusterul Comunitar de Economie Social\u0103\"}]},{\"@type\":\"WebSite\",\"@id\":\"https:\/\/asociatia-academiadebine.ro\/#website\",\"url\":\"https:\/\/asociatia-academiadebine.ro\/\",\"name\":\"Asociatia Academia de Bine\",\"description\":\"Asociatia Academia de Bine\",\"publisher\":{\"@id\":\"https:\/\/asociatia-academiadebine.ro\/#organization\"},\"potentialAction\":[{\"@type\":\"SearchAction\",\"target\":{\"@type\":\"EntryPoint\",\"urlTemplate\":\"https:\/\/asociatia-academiadebine.ro\/?s={search_term_string}\"},\"query-input\":\"required name=search_term_string\"}],\"inLanguage\":\"ro-RO\"},{\"@type\":\"Organization\",\"@id\":\"https:\/\/asociatia-academiadebine.ro\/#organization\",\"name\":\"Asociatia Academia de Bine\",\"url\":\"https:\/\/asociatia-academiadebine.ro\/\",\"logo\":{\"@type\":\"ImageObject\",\"inLanguage\":\"ro-RO\",\"@id\":\"https:\/\/asociatia-academiadebine.ro\/#\/schema\/logo\/image\/\",\"url\":\"https:\/\/asociatia-academiadebine.ro\/wp-content\/uploads\/2020\/08\/Asociatia-Academia-de-Bine-Logo-WEB.svg\",\"contentUrl\":\"https:\/\/asociatia-academiadebine.ro\/wp-content\/uploads\/2020\/08\/Asociatia-Academia-de-Bine-Logo-WEB.svg\",\"width\":250,\"height\":150,\"caption\":\"Asociatia Academia de Bine\"},\"image\":{\"@id\":\"https:\/\/asociatia-academiadebine.ro\/#\/schema\/logo\/image\/\"}},{\"@type\":\"Person\",\"@id\":\"https:\/\/asociatia-academiadebine.ro\/#\/schema\/person\/6e222c2106ffa5ba60c459947bb1e59f\",\"name\":\"admin\",\"image\":{\"@type\":\"ImageObject\",\"inLanguage\":\"ro-RO\",\"@id\":\"https:\/\/asociatia-academiadebine.ro\/#\/schema\/person\/image\/\",\"url\":\"https:\/\/secure.gravatar.com\/avatar\/4e8a4aae697dbf9d689fe2e51f67a2f69f5244dd7821ae469573a11c3d5fdf45?s=96&d=mm&r=g\",\"contentUrl\":\"https:\/\/secure.gravatar.com\/avatar\/4e8a4aae697dbf9d689fe2e51f67a2f69f5244dd7821ae469573a11c3d5fdf45?s=96&d=mm&r=g\",\"caption\":\"admin\"},\"sameAs\":[\"https:\/\/asociatia-academiadebine.ro\"],\"url\":\"https:\/\/asociatia-academiadebine.ro\/ro\/author\/admin\/\"}]}<\/script>\n<!-- \/ Yoast SEO plugin. -->","yoast_head_json":{"title":"Interviu cu reprezentan\u021bii ACCES - Asocia\u021bia Clusterul Comunitar de Economie Social\u0103 - Asociatia Academia de Bine","description":"Asociatia Academia de Bine Interviu cu reprezentan\u021bii ACCES - Asocia\u021bia Clusterul Comunitar de Economie Social\u0103","robots":{"index":"index","follow":"follow","max-snippet":"max-snippet:-1","max-image-preview":"max-image-preview:large","max-video-preview":"max-video-preview:-1"},"canonical":"https:\/\/asociatia-academiadebine.ro\/ro\/interviu-cu-reprezentantii-acces-asociatia-clusterul-comunitar-de-economie-sociala\/","og_locale":"ro_RO","og_type":"article","og_title":"Interviu cu reprezentan\u021bii ACCES - Asocia\u021bia Clusterul Comunitar de Economie Social\u0103 - Asociatia Academia de Bine","og_description":"Asociatia Academia de Bine Interviu cu reprezentan\u021bii ACCES - Asocia\u021bia Clusterul Comunitar de Economie Social\u0103","og_url":"https:\/\/asociatia-academiadebine.ro\/ro\/interviu-cu-reprezentantii-acces-asociatia-clusterul-comunitar-de-economie-sociala\/","og_site_name":"Asociatia Academia de Bine","article_published_time":"2022-02-25T11:30:40+00:00","article_modified_time":"2022-07-08T09:52:54+00:00","og_image":[{"width":1254,"height":838,"url":"https:\/\/asociatia-academiadebine.ro\/wp-content\/uploads\/2022\/02\/Screenshot-2022-07-08-115916.jpg","type":"image\/jpeg"}],"author":"admin","twitter_card":"summary_large_image","twitter_misc":{"Scris de":"admin","Timp estimat pentru citire":"1 minut"},"schema":{"@context":"https:\/\/schema.org","@graph":[{"@type":"Article","@id":"https:\/\/asociatia-academiadebine.ro\/interviu-cu-reprezentantii-acces-asociatia-clusterul-comunitar-de-economie-sociala\/#article","isPartOf":{"@id":"https:\/\/asociatia-academiadebine.ro\/interviu-cu-reprezentantii-acces-asociatia-clusterul-comunitar-de-economie-sociala\/"},"author":{"name":"admin","@id":"https:\/\/asociatia-academiadebine.ro\/#\/schema\/person\/6e222c2106ffa5ba60c459947bb1e59f"},"headline":"Interviu cu reprezentan\u021bii ACCES &#8211; Asocia\u021bia Clusterul Comunitar de Economie Social\u0103","datePublished":"2022-02-25T11:30:40+00:00","dateModified":"2022-07-08T09:52:54+00:00","mainEntityOfPage":{"@id":"https:\/\/asociatia-academiadebine.ro\/interviu-cu-reprezentantii-acces-asociatia-clusterul-comunitar-de-economie-sociala\/"},"wordCount":171,"publisher":{"@id":"https:\/\/asociatia-academiadebine.ro\/#organization"},"image":{"@id":"https:\/\/asociatia-academiadebine.ro\/interviu-cu-reprezentantii-acces-asociatia-clusterul-comunitar-de-economie-sociala\/#primaryimage"},"thumbnailUrl":"https:\/\/asociatia-academiadebine.ro\/wp-content\/uploads\/2022\/02\/Screenshot-2022-07-08-115916.jpg","articleSection":["CAMPANII","MEDIA"],"inLanguage":"ro-RO"},{"@type":"WebPage","@id":"https:\/\/asociatia-academiadebine.ro\/interviu-cu-reprezentantii-acces-asociatia-clusterul-comunitar-de-economie-sociala\/","url":"https:\/\/asociatia-academiadebine.ro\/interviu-cu-reprezentantii-acces-asociatia-clusterul-comunitar-de-economie-sociala\/","name":"Interviu cu reprezentan\u021bii ACCES - Asocia\u021bia Clusterul Comunitar de Economie Social\u0103 - Asociatia Academia de Bine","isPartOf":{"@id":"https:\/\/asociatia-academiadebine.ro\/#website"},"primaryImageOfPage":{"@id":"https:\/\/asociatia-academiadebine.ro\/interviu-cu-reprezentantii-acces-asociatia-clusterul-comunitar-de-economie-sociala\/#primaryimage"},"image":{"@id":"https:\/\/asociatia-academiadebine.ro\/interviu-cu-reprezentantii-acces-asociatia-clusterul-comunitar-de-economie-sociala\/#primaryimage"},"thumbnailUrl":"https:\/\/asociatia-academiadebine.ro\/wp-content\/uploads\/2022\/02\/Screenshot-2022-07-08-115916.jpg","datePublished":"2022-02-25T11:30:40+00:00","dateModified":"2022-07-08T09:52:54+00:00","description":"Asociatia Academia de Bine Interviu cu reprezentan\u021bii ACCES - Asocia\u021bia Clusterul Comunitar de Economie Social\u0103","breadcrumb":{"@id":"https:\/\/asociatia-academiadebine.ro\/interviu-cu-reprezentantii-acces-asociatia-clusterul-comunitar-de-economie-sociala\/#breadcrumb"},"inLanguage":"ro-RO","potentialAction":[{"@type":"ReadAction","target":["https:\/\/asociatia-academiadebine.ro\/interviu-cu-reprezentantii-acces-asociatia-clusterul-comunitar-de-economie-sociala\/"]}]},{"@type":"ImageObject","inLanguage":"ro-RO","@id":"https:\/\/asociatia-academiadebine.ro\/interviu-cu-reprezentantii-acces-asociatia-clusterul-comunitar-de-economie-sociala\/#primaryimage","url":"https:\/\/asociatia-academiadebine.ro\/wp-content\/uploads\/2022\/02\/Screenshot-2022-07-08-115916.jpg","contentUrl":"https:\/\/asociatia-academiadebine.ro\/wp-content\/uploads\/2022\/02\/Screenshot-2022-07-08-115916.jpg","width":1254,"height":838,"caption":"Interviu cu reprezentan\u021bii ACCES"},{"@type":"BreadcrumbList","@id":"https:\/\/asociatia-academiadebine.ro\/interviu-cu-reprezentantii-acces-asociatia-clusterul-comunitar-de-economie-sociala\/#breadcrumb","itemListElement":[{"@type":"ListItem","position":1,"name":"Home","item":"https:\/\/asociatia-academiadebine.ro\/"},{"@type":"ListItem","position":2,"name":"Interviu cu reprezentan\u021bii ACCES &#8211; Asocia\u021bia Clusterul Comunitar de Economie Social\u0103"}]},{"@type":"WebSite","@id":"https:\/\/asociatia-academiadebine.ro\/#website","url":"https:\/\/asociatia-academiadebine.ro\/","name":"Asociatia Academia de Bine","description":"Asociatia Academia de Bine","publisher":{"@id":"https:\/\/asociatia-academiadebine.ro\/#organization"},"potentialAction":[{"@type":"SearchAction","target":{"@type":"EntryPoint","urlTemplate":"https:\/\/asociatia-academiadebine.ro\/?s={search_term_string}"},"query-input":"required name=search_term_string"}],"inLanguage":"ro-RO"},{"@type":"Organization","@id":"https:\/\/asociatia-academiadebine.ro\/#organization","name":"Asociatia Academia de Bine","url":"https:\/\/asociatia-academiadebine.ro\/","logo":{"@type":"ImageObject","inLanguage":"ro-RO","@id":"https:\/\/asociatia-academiadebine.ro\/#\/schema\/logo\/image\/","url":"https:\/\/asociatia-academiadebine.ro\/wp-content\/uploads\/2020\/08\/Asociatia-Academia-de-Bine-Logo-WEB.svg","contentUrl":"https:\/\/asociatia-academiadebine.ro\/wp-content\/uploads\/2020\/08\/Asociatia-Academia-de-Bine-Logo-WEB.svg","width":250,"height":150,"caption":"Asociatia Academia de Bine"},"image":{"@id":"https:\/\/asociatia-academiadebine.ro\/#\/schema\/logo\/image\/"}},{"@type":"Person","@id":"https:\/\/asociatia-academiadebine.ro\/#\/schema\/person\/6e222c2106ffa5ba60c459947bb1e59f","name":"admin","image":{"@type":"ImageObject","inLanguage":"ro-RO","@id":"https:\/\/asociatia-academiadebine.ro\/#\/schema\/person\/image\/","url":"https:\/\/secure.gravatar.com\/avatar\/4e8a4aae697dbf9d689fe2e51f67a2f69f5244dd7821ae469573a11c3d5fdf45?s=96&d=mm&r=g","contentUrl":"https:\/\/secure.gravatar.com\/avatar\/4e8a4aae697dbf9d689fe2e51f67a2f69f5244dd7821ae469573a11c3d5fdf45?s=96&d=mm&r=g","caption":"admin"},"sameAs":["https:\/\/asociatia-academiadebine.ro"],"url":"https:\/\/asociatia-academiadebine.ro\/ro\/author\/admin\/"}]}},"_links":{"self":[{"href":"https:\/\/asociatia-academiadebine.ro\/ro\/wp-json\/wp\/v2\/posts\/8200","targetHints":{"allow":["GET"]}}],"collection":[{"href":"https:\/\/asociatia-academiadebine.ro\/ro\/wp-json\/wp\/v2\/posts"}],"about":[{"href":"https:\/\/asociatia-academiadebine.ro\/ro\/wp-json\/wp\/v2\/types\/post"}],"author":[{"embeddable":true,"href":"https:\/\/asociatia-academiadebine.ro\/ro\/wp-json\/wp\/v2\/users\/1"}],"replies":[{"embeddable":true,"href":"https:\/\/asociatia-academiadebine.ro\/ro\/wp-json\/wp\/v2\/comments?post=8200"}],"version-history":[{"count":28,"href":"https:\/\/asociatia-academiadebine.ro\/ro\/wp-json\/wp\/v2\/posts\/8200\/revisions"}],"predecessor-version":[{"id":8324,"href":"https:\/\/asociatia-academiadebine.ro\/ro\/wp-json\/wp\/v2\/posts\/8200\/revisions\/8324"}],"wp:featuredmedia":[{"embeddable":true,"href":"https:\/\/asociatia-academiadebine.ro\/ro\/wp-json\/wp\/v2\/media\/8315"}],"wp:attachment":[{"href":"https:\/\/asociatia-academiadebine.ro\/ro\/wp-json\/wp\/v2\/media?parent=8200"}],"wp:term":[{"taxonomy":"category","embeddable":true,"href":"https:\/\/asociatia-academiadebine.ro\/ro\/wp-json\/wp\/v2\/categories?post=8200"},{"taxonomy":"post_tag","embeddable":true,"href":"https:\/\/asociatia-academiadebine.ro\/ro\/wp-json\/wp\/v2\/tags?post=8200"}],"curies":[{"name":"wp","href":"https:\/\/api.w.org\/{rel}","templated":true}]}}