{"id":8181,"date":"2022-02-25T08:31:39","date_gmt":"2022-02-25T08:31:39","guid":{"rendered":"https:\/\/asociatia-academiadebine.ro\/?p=8181"},"modified":"2022-07-08T08:00:58","modified_gmt":"2022-07-08T08:00:58","slug":"constientizare-preventie-si-educatie","status":"publish","type":"post","link":"https:\/\/asociatia-academiadebine.ro\/ro\/constientizare-preventie-si-educatie\/","title":{"rendered":"Constientizare, preventie si educatie"},"content":{"rendered":"<div data-elementor-type=\"wp-post\" data-elementor-id=\"8181\" class=\"elementor elementor-8181\">\n\t\t\t\t\t\t<section class=\"elementor-section elementor-top-section elementor-element elementor-element-5491367 elementor-section-boxed elementor-section-height-default elementor-section-height-default\" data-id=\"5491367\" data-element_type=\"section\">\n\t\t\t\t\t\t<div class=\"elementor-container elementor-column-gap-default\">\n\t\t\t\t\t<div class=\"elementor-column elementor-col-100 elementor-top-column elementor-element elementor-element-1fb69e7\" data-id=\"1fb69e7\" data-element_type=\"column\">\n\t\t\t<div class=\"elementor-widget-wrap\">\n\t\t\t\t\t\t\t<\/div>\n\t\t<\/div>\n\t\t\t\t\t<\/div>\n\t\t<\/section>\n\t\t\t\t<section class=\"elementor-section elementor-top-section elementor-element elementor-element-0de5262 elementor-section-boxed elementor-section-height-default elementor-section-height-default\" data-id=\"0de5262\" data-element_type=\"section\">\n\t\t\t\t\t\t<div class=\"elementor-container elementor-column-gap-default\">\n\t\t\t\t\t<div class=\"elementor-column elementor-col-100 elementor-top-column elementor-element elementor-element-3df1709\" data-id=\"3df1709\" data-element_type=\"column\">\n\t\t\t<div class=\"elementor-widget-wrap elementor-element-populated\">\n\t\t\t\t\t\t<div class=\"elementor-element elementor-element-580ec2d elementor-widget elementor-widget-text-editor\" data-id=\"580ec2d\" data-element_type=\"widget\" data-widget_type=\"text-editor.default\">\n\t\t\t\t<div class=\"elementor-widget-container\">\n\t\t\t<style>\/*! elementor - v3.20.0 - 26-03-2024 *\/\n.elementor-widget-text-editor.elementor-drop-cap-view-stacked .elementor-drop-cap{background-color:#69727d;color:#fff}.elementor-widget-text-editor.elementor-drop-cap-view-framed .elementor-drop-cap{color:#69727d;border:3px solid;background-color:transparent}.elementor-widget-text-editor:not(.elementor-drop-cap-view-default) .elementor-drop-cap{margin-top:8px}.elementor-widget-text-editor:not(.elementor-drop-cap-view-default) .elementor-drop-cap-letter{width:1em;height:1em}.elementor-widget-text-editor .elementor-drop-cap{float:left;text-align:center;line-height:1;font-size:50px}.elementor-widget-text-editor .elementor-drop-cap-letter{display:inline-block}<\/style>\t\t\t\t<p>Suntem o \u00eentreprindere social\u0103, care \u00ee\u0219i propune derularea unor proiecte \u0219i programe din dorin\u021ba de a da o \u0219ans\u0103 tuturor copiilor \u0219i adolescen\u021bilor cu dificult\u0103\u021bi de integrare \u0219colar\u0103 \u0219i social\u0103. Programele pe care le derul\u0103m sunt bazate pe iubire, empatie \u0219i respect, scopul principal al acestora fiind de a \u00eembun\u0103t\u0103\u021bi abilit\u0103\u021bile de via\u021b\u0103 independent\u0103, nivelul de adaptare \u0219i dezvoltare al acestora, dar \u0219i facilitarea procesului de incluziune a copiilor \u00een gr\u0103dini\u021be, scoli, comunitate<\/p>\t\t\t\t\t\t<\/div>\n\t\t\t\t<\/div>\n\t\t\t\t<div class=\"elementor-element elementor-element-125cb86 elementor-widget-divider--view-line elementor-widget elementor-widget-divider\" data-id=\"125cb86\" data-element_type=\"widget\" data-widget_type=\"divider.default\">\n\t\t\t\t<div class=\"elementor-widget-container\">\n\t\t\t<style>\/*! elementor - v3.20.0 - 26-03-2024 *\/\n.elementor-widget-divider{--divider-border-style:none;--divider-border-width:1px;--divider-color:#0c0d0e;--divider-icon-size:20px;--divider-element-spacing:10px;--divider-pattern-height:24px;--divider-pattern-size:20px;--divider-pattern-url:none;--divider-pattern-repeat:repeat-x}.elementor-widget-divider .elementor-divider{display:flex}.elementor-widget-divider .elementor-divider__text{font-size:15px;line-height:1;max-width:95%}.elementor-widget-divider .elementor-divider__element{margin:0 var(--divider-element-spacing);flex-shrink:0}.elementor-widget-divider .elementor-icon{font-size:var(--divider-icon-size)}.elementor-widget-divider .elementor-divider-separator{display:flex;margin:0;direction:ltr}.elementor-widget-divider--view-line_icon .elementor-divider-separator,.elementor-widget-divider--view-line_text .elementor-divider-separator{align-items:center}.elementor-widget-divider--view-line_icon .elementor-divider-separator:after,.elementor-widget-divider--view-line_icon .elementor-divider-separator:before,.elementor-widget-divider--view-line_text .elementor-divider-separator:after,.elementor-widget-divider--view-line_text .elementor-divider-separator:before{display:block;content:\"\";border-block-end:0;flex-grow:1;border-block-start:var(--divider-border-width) var(--divider-border-style) var(--divider-color)}.elementor-widget-divider--element-align-left .elementor-divider .elementor-divider-separator>.elementor-divider__svg:first-of-type{flex-grow:0;flex-shrink:100}.elementor-widget-divider--element-align-left .elementor-divider-separator:before{content:none}.elementor-widget-divider--element-align-left .elementor-divider__element{margin-left:0}.elementor-widget-divider--element-align-right .elementor-divider .elementor-divider-separator>.elementor-divider__svg:last-of-type{flex-grow:0;flex-shrink:100}.elementor-widget-divider--element-align-right .elementor-divider-separator:after{content:none}.elementor-widget-divider--element-align-right .elementor-divider__element{margin-right:0}.elementor-widget-divider--element-align-start .elementor-divider .elementor-divider-separator>.elementor-divider__svg:first-of-type{flex-grow:0;flex-shrink:100}.elementor-widget-divider--element-align-start .elementor-divider-separator:before{content:none}.elementor-widget-divider--element-align-start .elementor-divider__element{margin-inline-start:0}.elementor-widget-divider--element-align-end .elementor-divider .elementor-divider-separator>.elementor-divider__svg:last-of-type{flex-grow:0;flex-shrink:100}.elementor-widget-divider--element-align-end .elementor-divider-separator:after{content:none}.elementor-widget-divider--element-align-end .elementor-divider__element{margin-inline-end:0}.elementor-widget-divider:not(.elementor-widget-divider--view-line_text):not(.elementor-widget-divider--view-line_icon) .elementor-divider-separator{border-block-start:var(--divider-border-width) var(--divider-border-style) var(--divider-color)}.elementor-widget-divider--separator-type-pattern{--divider-border-style:none}.elementor-widget-divider--separator-type-pattern.elementor-widget-divider--view-line .elementor-divider-separator,.elementor-widget-divider--separator-type-pattern:not(.elementor-widget-divider--view-line) .elementor-divider-separator:after,.elementor-widget-divider--separator-type-pattern:not(.elementor-widget-divider--view-line) .elementor-divider-separator:before,.elementor-widget-divider--separator-type-pattern:not([class*=elementor-widget-divider--view]) .elementor-divider-separator{width:100%;min-height:var(--divider-pattern-height);-webkit-mask-size:var(--divider-pattern-size) 100%;mask-size:var(--divider-pattern-size) 100%;-webkit-mask-repeat:var(--divider-pattern-repeat);mask-repeat:var(--divider-pattern-repeat);background-color:var(--divider-color);-webkit-mask-image:var(--divider-pattern-url);mask-image:var(--divider-pattern-url)}.elementor-widget-divider--no-spacing{--divider-pattern-size:auto}.elementor-widget-divider--bg-round{--divider-pattern-repeat:round}.rtl .elementor-widget-divider .elementor-divider__text{direction:rtl}.e-con-inner>.elementor-widget-divider,.e-con>.elementor-widget-divider{width:var(--container-widget-width,100%);--flex-grow:var(--container-widget-flex-grow)}<\/style>\t\t<div class=\"elementor-divider\">\n\t\t\t<span class=\"elementor-divider-separator\">\n\t\t\t\t\t\t<\/span>\n\t\t<\/div>\n\t\t\t\t<\/div>\n\t\t\t\t<\/div>\n\t\t\t\t<div class=\"elementor-element elementor-element-e3a36af elementor-widget elementor-widget-heading\" data-id=\"e3a36af\" data-element_type=\"widget\" data-widget_type=\"heading.default\">\n\t\t\t\t<div class=\"elementor-widget-container\">\n\t\t\t<style>\/*! elementor - v3.20.0 - 26-03-2024 *\/\n.elementor-heading-title{padding:0;margin:0;line-height:1}.elementor-widget-heading .elementor-heading-title[class*=elementor-size-]>a{color:inherit;font-size:inherit;line-height:inherit}.elementor-widget-heading .elementor-heading-title.elementor-size-small{font-size:15px}.elementor-widget-heading .elementor-heading-title.elementor-size-medium{font-size:19px}.elementor-widget-heading .elementor-heading-title.elementor-size-large{font-size:29px}.elementor-widget-heading .elementor-heading-title.elementor-size-xl{font-size:39px}.elementor-widget-heading .elementor-heading-title.elementor-size-xxl{font-size:59px}<\/style><h2 class=\"elementor-heading-title elementor-size-default\">Aparitii Media<\/h2>\t\t<\/div>\n\t\t\t\t<\/div>\n\t\t\t\t<div class=\"elementor-element elementor-element-d7ec220 elementor-position-left elementor-view-default elementor-mobile-position-top elementor-vertical-align-top elementor-widget elementor-widget-icon-box\" data-id=\"d7ec220\" data-element_type=\"widget\" data-widget_type=\"icon-box.default\">\n\t\t\t\t<div class=\"elementor-widget-container\">\n\t\t\t<link rel=\"stylesheet\" href=\"https:\/\/asociatia-academiadebine.ro\/wp-content\/plugins\/elementor\/assets\/css\/widget-icon-box.min.css\">\t\t<div class=\"elementor-icon-box-wrapper\">\n\t\t\t\t\t\t<div class=\"elementor-icon-box-icon\">\n\t\t\t\t<span  class=\"elementor-icon elementor-animation-\">\n\t\t\t\t<i aria-hidden=\"true\" class=\"flaticon flaticon-multimedia\"><\/i>\t\t\t\t<\/span>\n\t\t\t<\/div>\n\t\t\t\t\t\t<div class=\"elementor-icon-box-content\">\n\t\t\t\t<h6 class=\"elementor-icon-box-title\">\n\t\t\t\t\t<span  >\n\t\t\t\t\t\tFOTO O \u00eentreprindere social\u0103 din Bra\u0219ov deruleaz\u0103 activit\u0103\u021bi de promovare a s\u0103n\u0103t\u0103\u021bii mintale \u00een \u0219coli: \u201eGestionarea emo\u021biilor reprezint\u0103 o adev\u0103rat\u0103 provocare pentru copii\u201d\t\t\t\t\t<\/span>\n\t\t\t\t<\/h6>\n\t\t\t\t\t\t\t<\/div>\n\t\t<\/div>\n\t\t\t\t<\/div>\n\t\t\t\t<\/div>\n\t\t\t\t<div class=\"elementor-element elementor-element-db2be05 elementor-button-info elementor-align-center elementor-widget elementor-widget-button\" data-id=\"db2be05\" data-element_type=\"widget\" data-widget_type=\"button.default\">\n\t\t\t\t<div class=\"elementor-widget-container\">\n\t\t\t\t\t<div class=\"elementor-button-wrapper\">\n\t\t\t<a class=\"elementor-button elementor-button-link elementor-size-sm\" href=\"https:\/\/www.bizbrasov.ro\/2022\/01\/14\/sanatate-mintala-in-scoli-gestionarea-emotiilor\/\">\n\t\t\t\t\t\t<span class=\"elementor-button-content-wrapper\">\n\t\t\t\t\t\t<span class=\"elementor-button-text\">Continuare Articol Biz Brasov<\/span>\n\t\t<\/span>\n\t\t\t\t\t<\/a>\n\t\t<\/div>\n\t\t\t\t<\/div>\n\t\t\t\t<\/div>\n\t\t\t\t<div class=\"elementor-element elementor-element-146bad2 elementor-widget-divider--view-line elementor-widget elementor-widget-divider\" data-id=\"146bad2\" data-element_type=\"widget\" data-widget_type=\"divider.default\">\n\t\t\t\t<div class=\"elementor-widget-container\">\n\t\t\t\t\t<div class=\"elementor-divider\">\n\t\t\t<span class=\"elementor-divider-separator\">\n\t\t\t\t\t\t<\/span>\n\t\t<\/div>\n\t\t\t\t<\/div>\n\t\t\t\t<\/div>\n\t\t\t\t<div class=\"elementor-element elementor-element-5c419c4 elementor-position-left elementor-view-default elementor-mobile-position-top elementor-vertical-align-top elementor-widget elementor-widget-icon-box\" data-id=\"5c419c4\" data-element_type=\"widget\" data-widget_type=\"icon-box.default\">\n\t\t\t\t<div class=\"elementor-widget-container\">\n\t\t\t\t\t<div class=\"elementor-icon-box-wrapper\">\n\t\t\t\t\t\t<div class=\"elementor-icon-box-icon\">\n\t\t\t\t<span  class=\"elementor-icon elementor-animation-\">\n\t\t\t\t<i aria-hidden=\"true\" class=\"flaticon flaticon-multimedia\"><\/i>\t\t\t\t<\/span>\n\t\t\t<\/div>\n\t\t\t\t\t\t<div class=\"elementor-icon-box-content\">\n\t\t\t\t<h6 class=\"elementor-icon-box-title\">\n\t\t\t\t\t<span  >\n\t\t\t\t\t\tElevii bra\u0219oveni vor \u00eenv\u0103\u021ba timp de 3 luni cum s\u0103 gestioneze episoadele de anxietate, depresie \u0219i bullying. Proiectul CRESC, cu workshop-uri interactive pentru copii, cadre didactice \u0219i p\u0103rin\u021bi, a ajuns deja \u00een dou\u0103 \u0219coli din ora\u0219\t\t\t\t\t<\/span>\n\t\t\t\t<\/h6>\n\t\t\t\t\t\t\t\t\t<p class=\"elementor-icon-box-description\">\n\t\t\t\t\t\t\n\n\t\t\t\t\t<\/p>\n\t\t\t\t\t\t\t<\/div>\n\t\t<\/div>\n\t\t\t\t<\/div>\n\t\t\t\t<\/div>\n\t\t\t\t<div class=\"elementor-element elementor-element-7bcf37f elementor-button-info elementor-align-center elementor-widget elementor-widget-button\" data-id=\"7bcf37f\" data-element_type=\"widget\" data-widget_type=\"button.default\">\n\t\t\t\t<div class=\"elementor-widget-container\">\n\t\t\t\t\t<div class=\"elementor-button-wrapper\">\n\t\t\t<a class=\"elementor-button elementor-button-link elementor-size-sm\" href=\"https:\/\/www.bizbrasov.ro\/2021\/10\/01\/proiectul-cresc-workshop-uri-interactive\/\">\n\t\t\t\t\t\t<span class=\"elementor-button-content-wrapper\">\n\t\t\t\t\t\t<span class=\"elementor-button-text\">Continuare Articol Biz Brasov<\/span>\n\t\t<\/span>\n\t\t\t\t\t<\/a>\n\t\t<\/div>\n\t\t\t\t<\/div>\n\t\t\t\t<\/div>\n\t\t\t\t<div class=\"elementor-element elementor-element-82554b7 elementor-widget-divider--view-line elementor-widget elementor-widget-divider\" data-id=\"82554b7\" data-element_type=\"widget\" data-widget_type=\"divider.default\">\n\t\t\t\t<div class=\"elementor-widget-container\">\n\t\t\t\t\t<div class=\"elementor-divider\">\n\t\t\t<span class=\"elementor-divider-separator\">\n\t\t\t\t\t\t<\/span>\n\t\t<\/div>\n\t\t\t\t<\/div>\n\t\t\t\t<\/div>\n\t\t\t\t\t<\/div>\n\t\t<\/div>\n\t\t\t\t\t<\/div>\n\t\t<\/section>\n\t\t\t\t<\/div>","protected":false},"excerpt":{"rendered":"<p>Suntem o \u00eentreprindere social\u0103, care \u00ee\u0219i propune derularea unor proiecte \u0219i programe din dorin\u021ba de a da o \u0219ans\u0103 tuturor copiilor \u0219i adolescen\u021bilor cu dificult\u0103\u021bi de integrare \u0219colar\u0103 \u0219i social\u0103. Programele pe care le derul\u0103m sunt bazate pe iubire, empatie \u0219i respect, scopul principal al acestora fiind de a \u00eembun\u0103t\u0103\u021bi abilit\u0103\u021bile de via\u021b\u0103 independent\u0103, nivelul [&hellip;]<\/p>","protected":false},"author":1,"featured_media":7077,"comment_status":"closed","ping_status":"open","sticky":false,"template":"","format":"standard","meta":{"footnotes":""},"categories":[52,53],"tags":[],"class_list":["post-8181","post","type-post","status-publish","format-standard","has-post-thumbnail","hentry","category-campanii","category-media"],"yoast_head":"<!-- This site is optimized with the Yoast SEO plugin v22.4 - https:\/\/yoast.com\/wordpress\/plugins\/seo\/ -->\n<title>Constientizare, preventie si educatie - Asociatia Academia de Bine<\/title>\n<meta name=\"robots\" content=\"index, follow, max-snippet:-1, max-image-preview:large, max-video-preview:-1\" \/>\n<link rel=\"canonical\" href=\"https:\/\/asociatia-academiadebine.ro\/ro\/constientizare-preventie-si-educatie\/\" \/>\n<meta property=\"og:locale\" content=\"ro_RO\" \/>\n<meta property=\"og:type\" content=\"article\" \/>\n<meta property=\"og:title\" content=\"Constientizare, preventie si educatie - Asociatia Academia de Bine\" \/>\n<meta property=\"og:description\" content=\"Suntem o \u00eentreprindere social\u0103, care \u00ee\u0219i propune derularea unor proiecte \u0219i programe din dorin\u021ba de a da o \u0219ans\u0103 tuturor copiilor \u0219i adolescen\u021bilor cu dificult\u0103\u021bi de integrare \u0219colar\u0103 \u0219i social\u0103. Programele pe care le derul\u0103m sunt bazate pe iubire, empatie \u0219i respect, scopul principal al acestora fiind de a \u00eembun\u0103t\u0103\u021bi abilit\u0103\u021bile de via\u021b\u0103 independent\u0103, nivelul [&hellip;]\" \/>\n<meta property=\"og:url\" content=\"https:\/\/asociatia-academiadebine.ro\/ro\/constientizare-preventie-si-educatie\/\" \/>\n<meta property=\"og:site_name\" content=\"Asociatia Academia de Bine\" \/>\n<meta property=\"article:published_time\" content=\"2022-02-25T08:31:39+00:00\" \/>\n<meta property=\"article:modified_time\" content=\"2022-07-08T08:00:58+00:00\" \/>\n<meta property=\"og:image\" content=\"https:\/\/asociatia-academiadebine.ro\/wp-content\/uploads\/2021\/11\/256339856_191913419773010_9147879727552877385_n.jpg\" \/>\n\t<meta property=\"og:image:width\" content=\"2048\" \/>\n\t<meta property=\"og:image:height\" content=\"1536\" \/>\n\t<meta property=\"og:image:type\" content=\"image\/jpeg\" \/>\n<meta name=\"author\" content=\"admin\" \/>\n<meta name=\"twitter:card\" content=\"summary_large_image\" \/>\n<meta name=\"twitter:label1\" content=\"Scris de\" \/>\n\t<meta name=\"twitter:data1\" content=\"admin\" \/>\n\t<meta name=\"twitter:label2\" content=\"Timp estimat pentru citire\" \/>\n\t<meta name=\"twitter:data2\" content=\"1 minut\" \/>\n<script type=\"application\/ld+json\" class=\"yoast-schema-graph\">{\"@context\":\"https:\/\/schema.org\",\"@graph\":[{\"@type\":\"Article\",\"@id\":\"https:\/\/asociatia-academiadebine.ro\/constientizare-preventie-si-educatie\/#article\",\"isPartOf\":{\"@id\":\"https:\/\/asociatia-academiadebine.ro\/constientizare-preventie-si-educatie\/\"},\"author\":{\"name\":\"admin\",\"@id\":\"https:\/\/asociatia-academiadebine.ro\/#\/schema\/person\/6e222c2106ffa5ba60c459947bb1e59f\"},\"headline\":\"Constientizare, preventie si educatie\",\"datePublished\":\"2022-02-25T08:31:39+00:00\",\"dateModified\":\"2022-07-08T08:00:58+00:00\",\"mainEntityOfPage\":{\"@id\":\"https:\/\/asociatia-academiadebine.ro\/constientizare-preventie-si-educatie\/\"},\"wordCount\":165,\"publisher\":{\"@id\":\"https:\/\/asociatia-academiadebine.ro\/#organization\"},\"image\":{\"@id\":\"https:\/\/asociatia-academiadebine.ro\/constientizare-preventie-si-educatie\/#primaryimage\"},\"thumbnailUrl\":\"https:\/\/asociatia-academiadebine.ro\/wp-content\/uploads\/2021\/11\/256339856_191913419773010_9147879727552877385_n.jpg\",\"articleSection\":[\"CAMPANII\",\"MEDIA\"],\"inLanguage\":\"ro-RO\"},{\"@type\":\"WebPage\",\"@id\":\"https:\/\/asociatia-academiadebine.ro\/constientizare-preventie-si-educatie\/\",\"url\":\"https:\/\/asociatia-academiadebine.ro\/constientizare-preventie-si-educatie\/\",\"name\":\"Constientizare, preventie si educatie - Asociatia Academia de Bine\",\"isPartOf\":{\"@id\":\"https:\/\/asociatia-academiadebine.ro\/#website\"},\"primaryImageOfPage\":{\"@id\":\"https:\/\/asociatia-academiadebine.ro\/constientizare-preventie-si-educatie\/#primaryimage\"},\"image\":{\"@id\":\"https:\/\/asociatia-academiadebine.ro\/constientizare-preventie-si-educatie\/#primaryimage\"},\"thumbnailUrl\":\"https:\/\/asociatia-academiadebine.ro\/wp-content\/uploads\/2021\/11\/256339856_191913419773010_9147879727552877385_n.jpg\",\"datePublished\":\"2022-02-25T08:31:39+00:00\",\"dateModified\":\"2022-07-08T08:00:58+00:00\",\"breadcrumb\":{\"@id\":\"https:\/\/asociatia-academiadebine.ro\/constientizare-preventie-si-educatie\/#breadcrumb\"},\"inLanguage\":\"ro-RO\",\"potentialAction\":[{\"@type\":\"ReadAction\",\"target\":[\"https:\/\/asociatia-academiadebine.ro\/constientizare-preventie-si-educatie\/\"]}]},{\"@type\":\"ImageObject\",\"inLanguage\":\"ro-RO\",\"@id\":\"https:\/\/asociatia-academiadebine.ro\/constientizare-preventie-si-educatie\/#primaryimage\",\"url\":\"https:\/\/asociatia-academiadebine.ro\/wp-content\/uploads\/2021\/11\/256339856_191913419773010_9147879727552877385_n.jpg\",\"contentUrl\":\"https:\/\/asociatia-academiadebine.ro\/wp-content\/uploads\/2021\/11\/256339856_191913419773010_9147879727552877385_n.jpg\",\"width\":2048,\"height\":1536},{\"@type\":\"BreadcrumbList\",\"@id\":\"https:\/\/asociatia-academiadebine.ro\/constientizare-preventie-si-educatie\/#breadcrumb\",\"itemListElement\":[{\"@type\":\"ListItem\",\"position\":1,\"name\":\"Home\",\"item\":\"https:\/\/asociatia-academiadebine.ro\/\"},{\"@type\":\"ListItem\",\"position\":2,\"name\":\"Constientizare, preventie si educatie\"}]},{\"@type\":\"WebSite\",\"@id\":\"https:\/\/asociatia-academiadebine.ro\/#website\",\"url\":\"https:\/\/asociatia-academiadebine.ro\/\",\"name\":\"Asociatia Academia de Bine\",\"description\":\"Asociatia Academia de Bine\",\"publisher\":{\"@id\":\"https:\/\/asociatia-academiadebine.ro\/#organization\"},\"potentialAction\":[{\"@type\":\"SearchAction\",\"target\":{\"@type\":\"EntryPoint\",\"urlTemplate\":\"https:\/\/asociatia-academiadebine.ro\/?s={search_term_string}\"},\"query-input\":\"required name=search_term_string\"}],\"inLanguage\":\"ro-RO\"},{\"@type\":\"Organization\",\"@id\":\"https:\/\/asociatia-academiadebine.ro\/#organization\",\"name\":\"Asociatia Academia de Bine\",\"url\":\"https:\/\/asociatia-academiadebine.ro\/\",\"logo\":{\"@type\":\"ImageObject\",\"inLanguage\":\"ro-RO\",\"@id\":\"https:\/\/asociatia-academiadebine.ro\/#\/schema\/logo\/image\/\",\"url\":\"https:\/\/asociatia-academiadebine.ro\/wp-content\/uploads\/2020\/08\/Asociatia-Academia-de-Bine-Logo-WEB.svg\",\"contentUrl\":\"https:\/\/asociatia-academiadebine.ro\/wp-content\/uploads\/2020\/08\/Asociatia-Academia-de-Bine-Logo-WEB.svg\",\"width\":250,\"height\":150,\"caption\":\"Asociatia Academia de Bine\"},\"image\":{\"@id\":\"https:\/\/asociatia-academiadebine.ro\/#\/schema\/logo\/image\/\"}},{\"@type\":\"Person\",\"@id\":\"https:\/\/asociatia-academiadebine.ro\/#\/schema\/person\/6e222c2106ffa5ba60c459947bb1e59f\",\"name\":\"admin\",\"image\":{\"@type\":\"ImageObject\",\"inLanguage\":\"ro-RO\",\"@id\":\"https:\/\/asociatia-academiadebine.ro\/#\/schema\/person\/image\/\",\"url\":\"https:\/\/secure.gravatar.com\/avatar\/4e8a4aae697dbf9d689fe2e51f67a2f69f5244dd7821ae469573a11c3d5fdf45?s=96&d=mm&r=g\",\"contentUrl\":\"https:\/\/secure.gravatar.com\/avatar\/4e8a4aae697dbf9d689fe2e51f67a2f69f5244dd7821ae469573a11c3d5fdf45?s=96&d=mm&r=g\",\"caption\":\"admin\"},\"sameAs\":[\"https:\/\/asociatia-academiadebine.ro\"],\"url\":\"https:\/\/asociatia-academiadebine.ro\/ro\/author\/admin\/\"}]}<\/script>\n<!-- \/ Yoast SEO plugin. -->","yoast_head_json":{"title":"Constientizare, preventie si educatie - Asociatia Academia de Bine","robots":{"index":"index","follow":"follow","max-snippet":"max-snippet:-1","max-image-preview":"max-image-preview:large","max-video-preview":"max-video-preview:-1"},"canonical":"https:\/\/asociatia-academiadebine.ro\/ro\/constientizare-preventie-si-educatie\/","og_locale":"ro_RO","og_type":"article","og_title":"Constientizare, preventie si educatie - Asociatia Academia de Bine","og_description":"Suntem o \u00eentreprindere social\u0103, care \u00ee\u0219i propune derularea unor proiecte \u0219i programe din dorin\u021ba de a da o \u0219ans\u0103 tuturor copiilor \u0219i adolescen\u021bilor cu dificult\u0103\u021bi de integrare \u0219colar\u0103 \u0219i social\u0103. Programele pe care le derul\u0103m sunt bazate pe iubire, empatie \u0219i respect, scopul principal al acestora fiind de a \u00eembun\u0103t\u0103\u021bi abilit\u0103\u021bile de via\u021b\u0103 independent\u0103, nivelul [&hellip;]","og_url":"https:\/\/asociatia-academiadebine.ro\/ro\/constientizare-preventie-si-educatie\/","og_site_name":"Asociatia Academia de Bine","article_published_time":"2022-02-25T08:31:39+00:00","article_modified_time":"2022-07-08T08:00:58+00:00","og_image":[{"width":2048,"height":1536,"url":"https:\/\/asociatia-academiadebine.ro\/wp-content\/uploads\/2021\/11\/256339856_191913419773010_9147879727552877385_n.jpg","type":"image\/jpeg"}],"author":"admin","twitter_card":"summary_large_image","twitter_misc":{"Scris de":"admin","Timp estimat pentru citire":"1 minut"},"schema":{"@context":"https:\/\/schema.org","@graph":[{"@type":"Article","@id":"https:\/\/asociatia-academiadebine.ro\/constientizare-preventie-si-educatie\/#article","isPartOf":{"@id":"https:\/\/asociatia-academiadebine.ro\/constientizare-preventie-si-educatie\/"},"author":{"name":"admin","@id":"https:\/\/asociatia-academiadebine.ro\/#\/schema\/person\/6e222c2106ffa5ba60c459947bb1e59f"},"headline":"Constientizare, preventie si educatie","datePublished":"2022-02-25T08:31:39+00:00","dateModified":"2022-07-08T08:00:58+00:00","mainEntityOfPage":{"@id":"https:\/\/asociatia-academiadebine.ro\/constientizare-preventie-si-educatie\/"},"wordCount":165,"publisher":{"@id":"https:\/\/asociatia-academiadebine.ro\/#organization"},"image":{"@id":"https:\/\/asociatia-academiadebine.ro\/constientizare-preventie-si-educatie\/#primaryimage"},"thumbnailUrl":"https:\/\/asociatia-academiadebine.ro\/wp-content\/uploads\/2021\/11\/256339856_191913419773010_9147879727552877385_n.jpg","articleSection":["CAMPANII","MEDIA"],"inLanguage":"ro-RO"},{"@type":"WebPage","@id":"https:\/\/asociatia-academiadebine.ro\/constientizare-preventie-si-educatie\/","url":"https:\/\/asociatia-academiadebine.ro\/constientizare-preventie-si-educatie\/","name":"Constientizare, preventie si educatie - Asociatia Academia de Bine","isPartOf":{"@id":"https:\/\/asociatia-academiadebine.ro\/#website"},"primaryImageOfPage":{"@id":"https:\/\/asociatia-academiadebine.ro\/constientizare-preventie-si-educatie\/#primaryimage"},"image":{"@id":"https:\/\/asociatia-academiadebine.ro\/constientizare-preventie-si-educatie\/#primaryimage"},"thumbnailUrl":"https:\/\/asociatia-academiadebine.ro\/wp-content\/uploads\/2021\/11\/256339856_191913419773010_9147879727552877385_n.jpg","datePublished":"2022-02-25T08:31:39+00:00","dateModified":"2022-07-08T08:00:58+00:00","breadcrumb":{"@id":"https:\/\/asociatia-academiadebine.ro\/constientizare-preventie-si-educatie\/#breadcrumb"},"inLanguage":"ro-RO","potentialAction":[{"@type":"ReadAction","target":["https:\/\/asociatia-academiadebine.ro\/constientizare-preventie-si-educatie\/"]}]},{"@type":"ImageObject","inLanguage":"ro-RO","@id":"https:\/\/asociatia-academiadebine.ro\/constientizare-preventie-si-educatie\/#primaryimage","url":"https:\/\/asociatia-academiadebine.ro\/wp-content\/uploads\/2021\/11\/256339856_191913419773010_9147879727552877385_n.jpg","contentUrl":"https:\/\/asociatia-academiadebine.ro\/wp-content\/uploads\/2021\/11\/256339856_191913419773010_9147879727552877385_n.jpg","width":2048,"height":1536},{"@type":"BreadcrumbList","@id":"https:\/\/asociatia-academiadebine.ro\/constientizare-preventie-si-educatie\/#breadcrumb","itemListElement":[{"@type":"ListItem","position":1,"name":"Home","item":"https:\/\/asociatia-academiadebine.ro\/"},{"@type":"ListItem","position":2,"name":"Constientizare, preventie si educatie"}]},{"@type":"WebSite","@id":"https:\/\/asociatia-academiadebine.ro\/#website","url":"https:\/\/asociatia-academiadebine.ro\/","name":"Asociatia Academia de Bine","description":"Asociatia Academia de Bine","publisher":{"@id":"https:\/\/asociatia-academiadebine.ro\/#organization"},"potentialAction":[{"@type":"SearchAction","target":{"@type":"EntryPoint","urlTemplate":"https:\/\/asociatia-academiadebine.ro\/?s={search_term_string}"},"query-input":"required name=search_term_string"}],"inLanguage":"ro-RO"},{"@type":"Organization","@id":"https:\/\/asociatia-academiadebine.ro\/#organization","name":"Asociatia Academia de Bine","url":"https:\/\/asociatia-academiadebine.ro\/","logo":{"@type":"ImageObject","inLanguage":"ro-RO","@id":"https:\/\/asociatia-academiadebine.ro\/#\/schema\/logo\/image\/","url":"https:\/\/asociatia-academiadebine.ro\/wp-content\/uploads\/2020\/08\/Asociatia-Academia-de-Bine-Logo-WEB.svg","contentUrl":"https:\/\/asociatia-academiadebine.ro\/wp-content\/uploads\/2020\/08\/Asociatia-Academia-de-Bine-Logo-WEB.svg","width":250,"height":150,"caption":"Asociatia Academia de Bine"},"image":{"@id":"https:\/\/asociatia-academiadebine.ro\/#\/schema\/logo\/image\/"}},{"@type":"Person","@id":"https:\/\/asociatia-academiadebine.ro\/#\/schema\/person\/6e222c2106ffa5ba60c459947bb1e59f","name":"admin","image":{"@type":"ImageObject","inLanguage":"ro-RO","@id":"https:\/\/asociatia-academiadebine.ro\/#\/schema\/person\/image\/","url":"https:\/\/secure.gravatar.com\/avatar\/4e8a4aae697dbf9d689fe2e51f67a2f69f5244dd7821ae469573a11c3d5fdf45?s=96&d=mm&r=g","contentUrl":"https:\/\/secure.gravatar.com\/avatar\/4e8a4aae697dbf9d689fe2e51f67a2f69f5244dd7821ae469573a11c3d5fdf45?s=96&d=mm&r=g","caption":"admin"},"sameAs":["https:\/\/asociatia-academiadebine.ro"],"url":"https:\/\/asociatia-academiadebine.ro\/ro\/author\/admin\/"}]}},"_links":{"self":[{"href":"https:\/\/asociatia-academiadebine.ro\/ro\/wp-json\/wp\/v2\/posts\/8181","targetHints":{"allow":["GET"]}}],"collection":[{"href":"https:\/\/asociatia-academiadebine.ro\/ro\/wp-json\/wp\/v2\/posts"}],"about":[{"href":"https:\/\/asociatia-academiadebine.ro\/ro\/wp-json\/wp\/v2\/types\/post"}],"author":[{"embeddable":true,"href":"https:\/\/asociatia-academiadebine.ro\/ro\/wp-json\/wp\/v2\/users\/1"}],"replies":[{"embeddable":true,"href":"https:\/\/asociatia-academiadebine.ro\/ro\/wp-json\/wp\/v2\/comments?post=8181"}],"version-history":[{"count":24,"href":"https:\/\/asociatia-academiadebine.ro\/ro\/wp-json\/wp\/v2\/posts\/8181\/revisions"}],"predecessor-version":[{"id":8309,"href":"https:\/\/asociatia-academiadebine.ro\/ro\/wp-json\/wp\/v2\/posts\/8181\/revisions\/8309"}],"wp:featuredmedia":[{"embeddable":true,"href":"https:\/\/asociatia-academiadebine.ro\/ro\/wp-json\/wp\/v2\/media\/7077"}],"wp:attachment":[{"href":"https:\/\/asociatia-academiadebine.ro\/ro\/wp-json\/wp\/v2\/media?parent=8181"}],"wp:term":[{"taxonomy":"category","embeddable":true,"href":"https:\/\/asociatia-academiadebine.ro\/ro\/wp-json\/wp\/v2\/categories?post=8181"},{"taxonomy":"post_tag","embeddable":true,"href":"https:\/\/asociatia-academiadebine.ro\/ro\/wp-json\/wp\/v2\/tags?post=8181"}],"curies":[{"name":"wp","href":"https:\/\/api.w.org\/{rel}","templated":true}]}}